{"id":3979,"date":"2015-02-21T20:35:00","date_gmt":"2015-02-21T22:35:00","guid":{"rendered":"http:\/\/www.mjadvogados.adv.br\/novo\/?p=3979"},"modified":"2021-12-05T14:17:12","modified_gmt":"2021-12-05T17:17:12","slug":"tribunal-barra-cobranca","status":"publish","type":"post","link":"http:\/\/www.mjadvogados.adv.br\/novo\/tribunal-barra-cobranca\/","title":{"rendered":"Tribunal Barra Cobran\u00e7a"},"content":{"rendered":"\n<p class=\"has-drop-cap\">O TJ-SP (Tribunal de Justi\u00e7a de S\u00e3o Paulo) proibiu que as construtoras M. Bigucci Com\u00e9rcio e Estrat\u00e9gia Empreendimentos Imobili\u00e1rio, do ABC, cobrem taxa de corretagem no valor do im\u00f3vel. A decis\u00e3o \u00e9 resultado de a\u00e7\u00e3o civil p\u00fablica aberta pelo Minist\u00e9rio P\u00fablico em 2014, em raz\u00e3o da pr\u00e1tica de cobrar, na negocia\u00e7\u00e3o para a compra de im\u00f3veis, o preenchimento de cheques para o pagamento de comiss\u00e3o de corretagem, que \u00e9 de 6% sobre o valor do im\u00f3vel no Estado de S\u00e3o Paulo. O tribunal ainda condenou as empresas a devolverem, em dobro, o valor irregular cobrado de cada cliente.<\/p>\n\n\n\n<p><strong>Fonte: Juliano Moreira<\/strong><br><a rel=\"noreferrer noopener\" href=\"http:\/\/www.agora.uol.com.br\/grana\/2015\/02\/1588780-tribunal-barra-cobranca-de-taxa-de-construtora.shtml\" target=\"_blank\">http:\/\/www.agora.uol.com.br\/grana\/2015\/02\/1588780-tribunal-barra-cobranca-de-taxa-de-construtora.shtml<\/a><\/p>\n","protected":false},"excerpt":{"rendered":"<p>O TJ-SP (Tribunal de Justi\u00e7a de S\u00e3o Paulo) proibiu que as construtoras M. Bigucci Com\u00e9rcio e Estrat\u00e9gia Empreendimentos Imobili\u00e1rio, do ABC, cobrem taxa de corretagem no valor do im\u00f3vel. A decis\u00e3o \u00e9 resultado de a\u00e7\u00e3o civil p\u00fablica aberta pelo Minist\u00e9rio P\u00fablico em 2014, em raz\u00e3o da pr\u00e1tica de cobrar, na negocia\u00e7\u00e3o para a compra de [&hellip;]<\/p>\n","protected":false},"author":1,"featured_media":3987,"comment_status":"open","ping_status":"open","sticky":false,"template":"","format":"standard","meta":[],"categories":[26,3,25],"tags":[],"_links":{"self":[{"href":"http:\/\/www.mjadvogados.adv.br\/novo\/wp-json\/wp\/v2\/posts\/3979"}],"collection":[{"href":"http:\/\/www.mjadvogados.adv.br\/novo\/wp-json\/wp\/v2\/posts"}],"about":[{"href":"http:\/\/www.mjadvogados.adv.br\/novo\/wp-json\/wp\/v2\/types\/post"}],"author":[{"embeddable":true,"href":"http:\/\/www.mjadvogados.adv.br\/novo\/wp-json\/wp\/v2\/users\/1"}],"replies":[{"embeddable":true,"href":"http:\/\/www.mjadvogados.adv.br\/novo\/wp-json\/wp\/v2\/comments?post=3979"}],"version-history":[{"count":1,"href":"http:\/\/www.mjadvogados.adv.br\/novo\/wp-json\/wp\/v2\/posts\/3979\/revisions"}],"predecessor-version":[{"id":3980,"href":"http:\/\/www.mjadvogados.adv.br\/novo\/wp-json\/wp\/v2\/posts\/3979\/revisions\/3980"}],"wp:featuredmedia":[{"embeddable":true,"href":"http:\/\/www.mjadvogados.adv.br\/novo\/wp-json\/wp\/v2\/media\/3987"}],"wp:attachment":[{"href":"http:\/\/www.mjadvogados.adv.br\/novo\/wp-json\/wp\/v2\/media?parent=3979"}],"wp:term":[{"taxonomy":"category","embeddable":true,"href":"http:\/\/www.mjadvogados.adv.br\/novo\/wp-json\/wp\/v2\/categories?post=3979"},{"taxonomy":"post_tag","embeddable":true,"href":"http:\/\/www.mjadvogados.adv.br\/novo\/wp-json\/wp\/v2\/tags?post=3979"}],"curies":[{"name":"wp","href":"https:\/\/api.w.org\/{rel}","templated":true}]}}