{"id":4009,"date":"2016-06-22T08:20:00","date_gmt":"2016-06-22T11:20:00","guid":{"rendered":"http:\/\/www.mjadvogados.adv.br\/novo\/?p=4009"},"modified":"2021-12-05T14:32:26","modified_gmt":"2021-12-05T17:32:26","slug":"senado-aprova","status":"publish","type":"post","link":"http:\/\/www.mjadvogados.adv.br\/novo\/senado-aprova\/","title":{"rendered":"Senado Aprova"},"content":{"rendered":"\n<h2 class=\"wp-block-heading\">Texto-base do projeto que amplia Supersimples<\/h2>\n\n\n\n<p class=\"has-drop-cap\">O Senado aprovou na noite desta ter\u00e7a-feira (21) o texto-base do projeto que amplia o supersimples, sistema diferenciado de tributa\u00e7\u00e3o para micro e pequenas empresas. antes que todas as emendas fossem votadas, a sess\u00e3o no plen\u00e1rio foi encerrada. com isso, os senadores ainda precisar\u00e3o se reunir nesta quarta-feira (22) ou na pr\u00f3xima semana para concluir a vota\u00e7\u00e3o do texto. <\/p>\n\n\n\n<p>A maior parte das mudan\u00e7as previstas no texto entrar\u00e1 em vigor apenas em janeiro de 2018. O projeto j\u00e1 foi aprovado na c\u00e2mara e passou por a\u00e7\u00f5es no senado. Dessa forma, ainda ter\u00e1 que retornar para a aprecia\u00e7\u00e3o dos deputados quando tiver a vota\u00e7\u00e3o conclu\u00edda no senado. pela proposta, o limite de faturamento para que a empresa seja enquadrada na faixa de microempreendedora individual (MEI) ser\u00e1 ampliado de R$ 60 mil para R$ 72 mil ao ano.<\/p>\n\n\n\n<p>Para as Micro e Pequenas Empresas, esse teto crescer\u00e1 de R$ 3,6 milh\u00f5es para R$ 4,8 milh\u00f5es ao ano. O presidente do SEBRAE (Servi\u00e7o Brasileiro de Apoio \u00e0s Micro e Pequenas Empresas), Guilherme Afif Domingos, se demonstrou conformado com o texto.<\/p>\n\n\n\n<blockquote class=\"wp-block-quote\"><p>&#8220;N\u00f3s quer\u00edamos mais, mas em fun\u00e7\u00e3o da press\u00e3o dos estados e da receita eu acho que saiu bom. eu queria que fosse \u00f3timo&#8221; <\/p><cite>disse, Afif.<\/cite><\/blockquote>\n\n\n\n<p>Para ele, a amplia\u00e7\u00e3o do programa est\u00e1 menor que a esperada e o in\u00edcio de vig\u00eancia somente em 2018 est\u00e1 muito distante. O \u00fanico ponto do projeto com vig\u00eancia mais r\u00e1pida \u00e9 um parcelamento especial de d\u00e9bitos. Depois de aprovado e regulamentado, ser\u00e1 aberto um prazo de 90 dias para que os empres\u00e1rios possam aderir a um parcelamento de at\u00e9 120 meses. O valor m\u00ednimo das parcelas ser\u00e1 de R$ 300 para as Micro e Pequenas Empresas e de R$ 150 para o MEI. N\u00e3o haver\u00e1 redu\u00e7\u00e3o de juros e multas. Afif comemorou o fato de o projeto criar um mecanismo que faz a tributa\u00e7\u00e3o ter uma eleva\u00e7\u00e3o mais suave quando a empresa passa a faturar mais.<\/p>\n\n\n\n<p>Ele explicou que a cobran\u00e7a atual \u00e9 feita em &#8220;degraus&#8221; e passar\u00e1 a ser como uma &#8220;rampa&#8221;. na avalia\u00e7\u00e3o da relatora do texto, Senadora Marta Suplicy (PMDB-SP), negocia\u00e7\u00f5es nos \u00faltimos dias permitiram aperfei\u00e7oar o texto.<\/p>\n\n\n\n<blockquote class=\"wp-block-quote\"><p>&#8220;Vai permitir ao pequeno e microempres\u00e1rio, hoje em extrema dificuldade no pa\u00eds, que possa n\u00e3o fechar as portas e ter condi\u00e7\u00e3o de sobreviv\u00eancia&#8221;. <\/p><cite>afirmou a Senadora<\/cite><\/blockquote>\n\n\n\n<p>Segundo ela, mudan\u00e7as no texto v\u00e3o reduzir o impacto para o governo. O projeto ainda amplia o porcentual do chamado &#8220;<em>fator emprego<\/em>&#8220;, instrumento de incentivo \u00e0 gera\u00e7\u00e3o de vagas e que \u00e9 um crit\u00e9rio para migra\u00e7\u00e3o de categorias profissionais para tributa\u00e7\u00f5es mais baixas.<\/p>\n\n\n\n<p>A nova reda\u00e7\u00e3o dificulta essa migra\u00e7\u00e3o, j\u00e1 que vai exigir que a folha de sal\u00e1rios corresponda a pelo menos 35% do faturamento da empresa para que ela possa migrar para a tabela com tributos menores. Antes, o porcentual era de 22,5%.<\/p>\n\n\n\n<p><strong>Fonte: <a href=\"http:\/\/noticias.uol.com.br\/ultimas-noticias\/agencia-estado\/2016\/06\/21\/senado-aprova-texto-base-do-projeto-que-amplia-supersimples-e-encerra-sessao.htm\" data-type=\"URL\" data-id=\"http:\/\/noticias.uol.com.br\/ultimas-noticias\/agencia-estado\/2016\/06\/21\/senado-aprova-texto-base-do-projeto-que-amplia-supersimples-e-encerra-sessao.htm\" target=\"_blank\" rel=\"noreferrer noopener\">UOL Not\u00edcias<\/a><\/strong><\/p>\n","protected":false},"excerpt":{"rendered":"<p>Texto-base do projeto que amplia Supersimples O Senado aprovou na noite desta ter\u00e7a-feira (21) o texto-base do projeto que amplia o supersimples, sistema diferenciado de tributa\u00e7\u00e3o para micro e pequenas empresas. antes que todas as emendas fossem votadas, a sess\u00e3o no plen\u00e1rio foi encerrada. com isso, os senadores ainda precisar\u00e3o se reunir nesta quarta-feira (22) [&hellip;]<\/p>\n","protected":false},"author":1,"featured_media":3985,"comment_status":"open","ping_status":"open","sticky":false,"template":"","format":"standard","meta":[],"categories":[1],"tags":[],"_links":{"self":[{"href":"http:\/\/www.mjadvogados.adv.br\/novo\/wp-json\/wp\/v2\/posts\/4009"}],"collection":[{"href":"http:\/\/www.mjadvogados.adv.br\/novo\/wp-json\/wp\/v2\/posts"}],"about":[{"href":"http:\/\/www.mjadvogados.adv.br\/novo\/wp-json\/wp\/v2\/types\/post"}],"author":[{"embeddable":true,"href":"http:\/\/www.mjadvogados.adv.br\/novo\/wp-json\/wp\/v2\/users\/1"}],"replies":[{"embeddable":true,"href":"http:\/\/www.mjadvogados.adv.br\/novo\/wp-json\/wp\/v2\/comments?post=4009"}],"version-history":[{"count":3,"href":"http:\/\/www.mjadvogados.adv.br\/novo\/wp-json\/wp\/v2\/posts\/4009\/revisions"}],"predecessor-version":[{"id":4012,"href":"http:\/\/www.mjadvogados.adv.br\/novo\/wp-json\/wp\/v2\/posts\/4009\/revisions\/4012"}],"wp:featuredmedia":[{"embeddable":true,"href":"http:\/\/www.mjadvogados.adv.br\/novo\/wp-json\/wp\/v2\/media\/3985"}],"wp:attachment":[{"href":"http:\/\/www.mjadvogados.adv.br\/novo\/wp-json\/wp\/v2\/media?parent=4009"}],"wp:term":[{"taxonomy":"category","embeddable":true,"href":"http:\/\/www.mjadvogados.adv.br\/novo\/wp-json\/wp\/v2\/categories?post=4009"},{"taxonomy":"post_tag","embeddable":true,"href":"http:\/\/www.mjadvogados.adv.br\/novo\/wp-json\/wp\/v2\/tags?post=4009"}],"curies":[{"name":"wp","href":"https:\/\/api.w.org\/{rel}","templated":true}]}}