{"id":4013,"date":"2016-08-25T14:33:00","date_gmt":"2016-08-25T17:33:00","guid":{"rendered":"http:\/\/www.mjadvogados.adv.br\/novo\/?p=4013"},"modified":"2021-12-05T14:42:29","modified_gmt":"2021-12-05T17:42:29","slug":"dr-michele-defende","status":"publish","type":"post","link":"http:\/\/www.mjadvogados.adv.br\/novo\/dr-michele-defende\/","title":{"rendered":"Dr. Michele Defende"},"content":{"rendered":"\n<p><strong>No dia 10 de agosto, o Dr. Michele, em defesa dos poupadores, despachando com os ministros do STF (Supremo Tribunal Federal) em Bras\u00edlia.<\/strong><\/p>\n\n\n\n<p class=\"has-drop-cap\">H\u00e1 quase 30 anos os brasileiros lutam para recuperar perdas sofridas na poupan\u00e7a. Muitos morreram sem receber. Outros cultivam a esperan\u00e7a de ver prevalecer a justi\u00e7a mais do que o poder econ\u00f4mico. Mas os bancos n\u00e3o aceitam devolver o que tomaram dos cidad\u00e3os e se beneficiam com a morosidade do poder judici\u00e1rio, o \u00fanico que pode dar aos consumidores-poupadores a efetividade da justi\u00e7a.<\/p>\n\n\n\n<p>No dia 10 de agosto desse ano, iniciou-se mais um passo de nossa luta, quando a coordenadora-utiva, Elici Maria Checchin Bueno, e o advogado W Moura, reiteraram pessoalmente ao Presidente do Supremo Tribunal Federal (STF), o Ministro Ricardo Lewandowski, o pedido de uma peti\u00e7\u00e3o que solicita a retomada na pauta deste m\u00eas do julgamento da argui\u00e7\u00e3o de descumprimento de preceito fundamental (ADPF n\u00ba 165\/DF), al\u00e9m terem entregue coment\u00e1rios de poupadores feitos no site do IDEC e estudos que mostram a capacidade financeira dos bancos de ressarcir os poupadores lesados nos planos econ\u00f4micos.<\/p>\n\n\n\n<p>Est\u00e1 nas m\u00e3os dos ministros do Supremo Tribunal Federal a conclus\u00e3o do julgamento da ADPF 165 (A\u00e7\u00e3o de Descumprimento de Preceito Fundamental) que foi ajuizada pela CONSIF (Confedera\u00e7\u00e3o Nacional do Sistema Financeiro), em mar\u00e7o de 2009, e tem como principal objetivo que o STF examine a constitucionalidade dos planos econ\u00f4micos.<\/p>\n\n\n\n<p>Com a ADPF, os bancos esperam que o STF declare que as institui\u00e7\u00f5es financeiras n\u00e3o t\u00eam o dever de ressarcir os milhares de poupadores brasileiros que foram lesados com os Planos Bresser(1987), Ver\u00e3o(1989) e Collor(1990).<\/p>\n\n\n\n<p>O julgamento imediato desta a\u00e7\u00e3o far\u00e1 com que milhares de a\u00e7\u00f5es judiciais que est\u00e3o suspensas tenham regular andamento no judici\u00e1rio, e uma decis\u00e3o favor\u00e1vel aos poupadores colocar\u00e1 fim ao argumento dos bancos de que n\u00e3o s\u00e3o respons\u00e1veis pelo ressarcimento. Julgamento j\u00e1!<\/p>\n\n\n\n<p><strong>fonte: <a href=\"http:\/\/www.idec.org.br\/mobilize-se\/campanhas\/eu-confio-no-stf\" data-type=\"URL\" data-id=\"http:\/\/www.idec.org.br\/mobilize-se\/campanhas\/eu-confio-no-stf\" target=\"_blank\" rel=\"noreferrer noopener\">IDEC.org<\/a><\/strong><\/p>\n","protected":false},"excerpt":{"rendered":"<p>No dia 10 de agosto, o Dr. Michele, em defesa dos poupadores, despachando com os ministros do STF (Supremo Tribunal Federal) em Bras\u00edlia. H\u00e1 quase 30 anos os brasileiros lutam para recuperar perdas sofridas na poupan\u00e7a. Muitos morreram sem receber. Outros cultivam a esperan\u00e7a de ver prevalecer a justi\u00e7a mais do que o poder econ\u00f4mico. [&hellip;]<\/p>\n","protected":false},"author":1,"featured_media":3984,"comment_status":"open","ping_status":"open","sticky":false,"template":"","format":"standard","meta":[],"categories":[26,4,25],"tags":[],"_links":{"self":[{"href":"http:\/\/www.mjadvogados.adv.br\/novo\/wp-json\/wp\/v2\/posts\/4013"}],"collection":[{"href":"http:\/\/www.mjadvogados.adv.br\/novo\/wp-json\/wp\/v2\/posts"}],"about":[{"href":"http:\/\/www.mjadvogados.adv.br\/novo\/wp-json\/wp\/v2\/types\/post"}],"author":[{"embeddable":true,"href":"http:\/\/www.mjadvogados.adv.br\/novo\/wp-json\/wp\/v2\/users\/1"}],"replies":[{"embeddable":true,"href":"http:\/\/www.mjadvogados.adv.br\/novo\/wp-json\/wp\/v2\/comments?post=4013"}],"version-history":[{"count":2,"href":"http:\/\/www.mjadvogados.adv.br\/novo\/wp-json\/wp\/v2\/posts\/4013\/revisions"}],"predecessor-version":[{"id":4015,"href":"http:\/\/www.mjadvogados.adv.br\/novo\/wp-json\/wp\/v2\/posts\/4013\/revisions\/4015"}],"wp:featuredmedia":[{"embeddable":true,"href":"http:\/\/www.mjadvogados.adv.br\/novo\/wp-json\/wp\/v2\/media\/3984"}],"wp:attachment":[{"href":"http:\/\/www.mjadvogados.adv.br\/novo\/wp-json\/wp\/v2\/media?parent=4013"}],"wp:term":[{"taxonomy":"category","embeddable":true,"href":"http:\/\/www.mjadvogados.adv.br\/novo\/wp-json\/wp\/v2\/categories?post=4013"},{"taxonomy":"post_tag","embeddable":true,"href":"http:\/\/www.mjadvogados.adv.br\/novo\/wp-json\/wp\/v2\/tags?post=4013"}],"curies":[{"name":"wp","href":"https:\/\/api.w.org\/{rel}","templated":true}]}}